{"id":2262,"date":"2023-07-31T16:07:06","date_gmt":"2023-07-31T14:07:06","guid":{"rendered":"https:\/\/koeln.randonneure-deutschland.de\/?p=2262"},"modified":"2023-07-31T19:00:03","modified_gmt":"2023-07-31T17:00:03","slug":"startzeit-startnummer","status":"publish","type":"post","link":"https:\/\/koeln.randonneure-deutschland.de\/index.php\/2023\/07\/31\/startzeit-startnummer\/","title":{"rendered":"Startzeit, Startnummer"},"content":{"rendered":"\n<p>Meine Startzeit ist 5h15 am Montag, den 21.8.2023. Damit bin ich in der vorletzten Startgruppe. <\/p>\n\n\n\n<p>Offensichtlich sind die Startzeiten am fr\u00fchen Montag eher unbeliebt, die meisten starten lieber am Sonntagnachmittag oder -abend. Meinem Biorhythmus kommt die fr\u00fche Startzeit entgehen; so l\u00e4sst sich ein &#8222;normaler&#8220; Tagesablauf gestalten. Eine Fahrt in die Nacht hinein w\u00e4re f\u00fcr mich nichts! Kleiner Nachteil: wir haben nicht die vollen 90h zur Verf\u00fcgung, sondern nur 84h. Das reicht aber normalerweise dicke aus.<\/p>\n\n\n\n<p>Meine Startnummer ist <strong>X029<\/strong>. Mit der Startnummer kann man mich unterwegs tracken; wie das genau funktioniert, schreibe ich noch.<\/p>\n","protected":false},"excerpt":{"rendered":"<p>Meine Startzeit ist 5h15 am Montag, den 21.8.2023. Damit bin ich in der vorletzten Startgruppe. Offensichtlich sind die Startzeiten am fr\u00fchen Montag eher unbeliebt, die meisten starten lieber am Sonntagnachmittag oder -abend. Meinem Biorhythmus kommt die fr\u00fche Startzeit entgehen; so l\u00e4sst sich ein &#8222;normaler&#8220; Tagesablauf gestalten. Eine Fahrt in die Nacht hinein w\u00e4re f\u00fcr mich &hellip; <\/p>\n<p class=\"link-more\"><a href=\"https:\/\/koeln.randonneure-deutschland.de\/index.php\/2023\/07\/31\/startzeit-startnummer\/\" class=\"more-link\"><span class=\"screen-reader-text\">\u201eStartzeit, Startnummer\u201c<\/span> weiterlesen<\/a><\/p>\n","protected":false},"author":1,"featured_media":2302,"comment_status":"closed","ping_status":"open","sticky":false,"template":"","format":"standard","meta":{"footnotes":""},"categories":[1],"tags":[],"_links":{"self":[{"href":"https:\/\/koeln.randonneure-deutschland.de\/index.php\/wp-json\/wp\/v2\/posts\/2262"}],"collection":[{"href":"https:\/\/koeln.randonneure-deutschland.de\/index.php\/wp-json\/wp\/v2\/posts"}],"about":[{"href":"https:\/\/koeln.randonneure-deutschland.de\/index.php\/wp-json\/wp\/v2\/types\/post"}],"author":[{"embeddable":true,"href":"https:\/\/koeln.randonneure-deutschland.de\/index.php\/wp-json\/wp\/v2\/users\/1"}],"replies":[{"embeddable":true,"href":"https:\/\/koeln.randonneure-deutschland.de\/index.php\/wp-json\/wp\/v2\/comments?post=2262"}],"version-history":[{"count":10,"href":"https:\/\/koeln.randonneure-deutschland.de\/index.php\/wp-json\/wp\/v2\/posts\/2262\/revisions"}],"predecessor-version":[{"id":2303,"href":"https:\/\/koeln.randonneure-deutschland.de\/index.php\/wp-json\/wp\/v2\/posts\/2262\/revisions\/2303"}],"wp:featuredmedia":[{"embeddable":true,"href":"https:\/\/koeln.randonneure-deutschland.de\/index.php\/wp-json\/wp\/v2\/media\/2302"}],"wp:attachment":[{"href":"https:\/\/koeln.randonneure-deutschland.de\/index.php\/wp-json\/wp\/v2\/media?parent=2262"}],"wp:term":[{"taxonomy":"category","embeddable":true,"href":"https:\/\/koeln.randonneure-deutschland.de\/index.php\/wp-json\/wp\/v2\/categories?post=2262"},{"taxonomy":"post_tag","embeddable":true,"href":"https:\/\/koeln.randonneure-deutschland.de\/index.php\/wp-json\/wp\/v2\/tags?post=2262"}],"curies":[{"name":"wp","href":"https:\/\/api.w.org\/{rel}","templated":true}]}}