{"id":2319,"date":"2023-08-01T19:43:21","date_gmt":"2023-08-01T17:43:21","guid":{"rendered":"https:\/\/koeln.randonneure-deutschland.de\/?p=2319"},"modified":"2023-08-03T18:20:14","modified_gmt":"2023-08-03T16:20:14","slug":"training-in-den-regenpausen","status":"publish","type":"post","link":"https:\/\/koeln.randonneure-deutschland.de\/index.php\/2023\/08\/01\/training-in-den-regenpausen\/","title":{"rendered":"Training in den Regenpausen"},"content":{"rendered":"\n<p>Sch\u00f6ner w\u00e4re es, wenn es nicht ganz so wechselhaftes Wetter g\u00e4be! Aber wir wollen mal nicht meckern \ud83e\udd13.<\/p>\n\n\n\n<figure class=\"wp-block-image size-full\"><img loading=\"lazy\" decoding=\"async\" width=\"828\" height=\"564\" src=\"https:\/\/koeln.randonneure-deutschland.de\/wp-content\/uploads\/2023\/08\/Bildschirmfoto-2023-08-01-um-19.38.33.png\" alt=\"\" class=\"wp-image-2320\" srcset=\"https:\/\/koeln.randonneure-deutschland.de\/wp-content\/uploads\/2023\/08\/Bildschirmfoto-2023-08-01-um-19.38.33.png 828w, https:\/\/koeln.randonneure-deutschland.de\/wp-content\/uploads\/2023\/08\/Bildschirmfoto-2023-08-01-um-19.38.33-300x204.png 300w, https:\/\/koeln.randonneure-deutschland.de\/wp-content\/uploads\/2023\/08\/Bildschirmfoto-2023-08-01-um-19.38.33-768x523.png 768w\" sizes=\"(max-width: 767px) 89vw, (max-width: 1000px) 54vw, (max-width: 1071px) 543px, 580px\" \/><\/figure>\n\n\n\n<hr class=\"wp-block-separator has-alpha-channel-opacity\"\/>\n","protected":false},"excerpt":{"rendered":"<p>Sch\u00f6ner w\u00e4re es, wenn es nicht ganz so wechselhaftes Wetter g\u00e4be! Aber wir wollen mal nicht meckern \ud83e\udd13.<\/p>\n","protected":false},"author":1,"featured_media":0,"comment_status":"closed","ping_status":"open","sticky":false,"template":"","format":"standard","meta":{"footnotes":""},"categories":[1],"tags":[],"_links":{"self":[{"href":"https:\/\/koeln.randonneure-deutschland.de\/index.php\/wp-json\/wp\/v2\/posts\/2319"}],"collection":[{"href":"https:\/\/koeln.randonneure-deutschland.de\/index.php\/wp-json\/wp\/v2\/posts"}],"about":[{"href":"https:\/\/koeln.randonneure-deutschland.de\/index.php\/wp-json\/wp\/v2\/types\/post"}],"author":[{"embeddable":true,"href":"https:\/\/koeln.randonneure-deutschland.de\/index.php\/wp-json\/wp\/v2\/users\/1"}],"replies":[{"embeddable":true,"href":"https:\/\/koeln.randonneure-deutschland.de\/index.php\/wp-json\/wp\/v2\/comments?post=2319"}],"version-history":[{"count":2,"href":"https:\/\/koeln.randonneure-deutschland.de\/index.php\/wp-json\/wp\/v2\/posts\/2319\/revisions"}],"predecessor-version":[{"id":2330,"href":"https:\/\/koeln.randonneure-deutschland.de\/index.php\/wp-json\/wp\/v2\/posts\/2319\/revisions\/2330"}],"wp:attachment":[{"href":"https:\/\/koeln.randonneure-deutschland.de\/index.php\/wp-json\/wp\/v2\/media?parent=2319"}],"wp:term":[{"taxonomy":"category","embeddable":true,"href":"https:\/\/koeln.randonneure-deutschland.de\/index.php\/wp-json\/wp\/v2\/categories?post=2319"},{"taxonomy":"post_tag","embeddable":true,"href":"https:\/\/koeln.randonneure-deutschland.de\/index.php\/wp-json\/wp\/v2\/tags?post=2319"}],"curies":[{"name":"wp","href":"https:\/\/api.w.org\/{rel}","templated":true}]}}